{"id":5190,"date":"2026-03-14T21:07:27","date_gmt":"2026-03-14T20:07:27","guid":{"rendered":"https:\/\/haminehappy.fr\/?p=5190"},"modified":"2026-03-14T22:57:13","modified_gmt":"2026-03-14T21:57:13","slug":"elizabeth-neuffer-2027-pour-journalistes-programme-entierement-finance","status":"publish","type":"post","link":"https:\/\/haminehappy.fr\/index.php\/2026\/03\/14\/elizabeth-neuffer-2027-pour-journalistes-programme-entierement-finance\/","title":{"rendered":"Elizabeth Neuffer 2027 pour journalistes \u2013 Programme enti\u00e8rement financ\u00e9"},"content":{"rendered":"\t\t<div data-elementor-type=\"wp-post\" data-elementor-id=\"5190\" class=\"elementor elementor-5190\" data-elementor-post-type=\"post\">\n\t\t\t\t<div class=\"elementor-element elementor-element-aa9dfca e-flex e-con-boxed wpr-particle-no wpr-jarallax-no wpr-parallax-no wpr-sticky-section-no wpr-equal-height-no e-con e-parent\" data-id=\"aa9dfca\" data-element_type=\"container\" data-e-type=\"container\">\n\t\t\t\t\t<div class=\"e-con-inner\">\n\t\t\t\t<div class=\"elementor-element elementor-element-5961470 elementor-widget elementor-widget-image\" data-id=\"5961470\" data-element_type=\"widget\" data-e-type=\"widget\" data-widget_type=\"image.default\">\n\t\t\t\t<div class=\"elementor-widget-container\">\n\t\t\t\t\t\t\t\t\t\t\t\t\t\t\t<img fetchpriority=\"high\" decoding=\"async\" width=\"982\" height=\"220\" src=\"https:\/\/haminehappy.fr\/wp-content\/uploads\/2026\/03\/submit-header.png\" class=\"attachment-large size-large wp-image-5191\" alt=\"\" srcset=\"https:\/\/haminehappy.fr\/wp-content\/uploads\/2026\/03\/submit-header.png 982w, https:\/\/haminehappy.fr\/wp-content\/uploads\/2026\/03\/submit-header-300x67.png 300w, https:\/\/haminehappy.fr\/wp-content\/uploads\/2026\/03\/submit-header-768x172.png 768w\" sizes=\"(max-width: 982px) 100vw, 982px\" \/>\t\t\t\t\t\t\t\t\t\t\t\t\t\t\t<\/div>\n\t\t\t\t<\/div>\n\t\t\t\t\t<\/div>\n\t\t\t\t<\/div>\n\t\t<div class=\"elementor-element elementor-element-d44d4bf e-flex e-con-boxed wpr-particle-no wpr-jarallax-no wpr-parallax-no wpr-sticky-section-no wpr-equal-height-no e-con e-parent\" data-id=\"d44d4bf\" data-element_type=\"container\" data-e-type=\"container\">\n\t\t\t\t\t<div class=\"e-con-inner\">\n\t\t\t\t<div class=\"elementor-element elementor-element-36e8b5a elementor-widget elementor-widget-text-editor\" data-id=\"36e8b5a\" data-element_type=\"widget\" data-e-type=\"widget\" data-widget_type=\"text-editor.default\">\n\t\t\t\t<div class=\"elementor-widget-container\">\n\t\t\t\t\t\t\t\t\t<p data-start=\"84\" data-end=\"372\">L\u2019<strong data-start=\"86\" data-end=\"134\">International Women\u2019s Media Foundation (IWMF)<\/strong> lance l\u2019appel \u00e0 candidatures pour la <strong data-start=\"172\" data-end=\"205\">Bourse Elizabeth Neuffer 2027<\/strong>, un programme international destin\u00e9 aux femmes et journalistes non binaires engag\u00e9s dans la couverture des questions li\u00e9es aux droits humains et \u00e0 la justice sociale.<\/p>\n<p data-start=\"374\" data-end=\"737\">Cr\u00e9\u00e9e en m\u00e9moire de la journaliste <strong data-start=\"409\" data-end=\"450\">Elizabeth Neuffer<\/strong>, correspondante du <strong data-start=\"470\" data-end=\"511\">The Boston Globe<\/strong> d\u00e9c\u00e9d\u00e9e en 2003 alors qu\u2019elle couvrait la guerre en Irak, cette bourse vise \u00e0 soutenir les journalistes qui travaillent sur des sujets relatifs aux droits humains, aux in\u00e9galit\u00e9s sociales et aux communaut\u00e9s sous-repr\u00e9sent\u00e9es.<\/p><p data-start=\"385\" data-end=\"755\" style=\"margin-bottom: 32px;\">Abonnez vous \u00e0 notre chaine Youtube pour des tutoriels, t\u00e9moignage et plus de d\u00e9tails sur les opportunit\u00e9s. \ud83d\udc49&nbsp;<a href=\"https:\/\/www.youtube.com\/@haminehappy\" style=\"color: rgb(43, 108, 176); transition-property: all;\" target=\"_blank\" rel=\"noopener\"><u><span style=\"font-weight: 700;\"><i>Cliquez ici<\/i><\/span><\/u><\/a><\/p><div><br><\/div>\n<h3 data-section-id=\"7i4tch\" data-start=\"739\" data-end=\"768\">Pr\u00e9sentation du programme<\/h3>\n<p data-start=\"769\" data-end=\"1024\">La bourse s\u00e9lectionne chaque ann\u00e9e une journaliste et lui offre une exp\u00e9rience professionnelle et acad\u00e9mique de six mois aux \u00c9tats-Unis. Le programme combine recherche acad\u00e9mique, formation et immersion professionnelle dans des r\u00e9dactions internationales.<\/p>\n<p data-start=\"1026\" data-end=\"1257\">La laur\u00e9ate r\u00e9alise des travaux de recherche et suit des cours au <strong data-start=\"1092\" data-end=\"1133\">Massachusetts Institute of Technology Center for International Studies<\/strong>, tout en acqu\u00e9rant une exp\u00e9rience pratique dans des m\u00e9dias de r\u00e9f\u00e9rence tels que <strong data-start=\"1215\" data-end=\"1256\">The Boston Globe<\/strong>.<\/p>\n<p data-start=\"1259\" data-end=\"1471\">Ce programme vise \u00e0 renforcer les capacit\u00e9s des journalistes \u00e0 traiter des questions li\u00e9es aux droits humains et \u00e0 la justice sociale, tout en favorisant le d\u00e9veloppement de r\u00e9seaux professionnels internationaux.<\/p>\n<h3 data-section-id=\"1xcujwg\" data-start=\"1473\" data-end=\"1503\">Dur\u00e9e et lieu du programme<\/h3>\n<p data-start=\"1504\" data-end=\"1679\">La bourse se d\u00e9roule sur une p\u00e9riode d\u2019environ six mois aux \u00c9tats-Unis, principalement \u00e0 Boston et \u00e0 Cambridge (Massachusetts), avec certaines activit\u00e9s organis\u00e9es \u00e0 New York.<\/p>\n<h3 data-section-id=\"oktt3u\" data-start=\"1681\" data-end=\"1705\">Avantages financiers<\/h3>\n<p data-start=\"1706\" data-end=\"1796\">La bourse offre un soutien complet aux participantes s\u00e9lectionn\u00e9es, comprenant notamment :<\/p>\n<ul data-start=\"1797\" data-end=\"2287\">\n<li data-section-id=\"1pe4bhq\" data-start=\"1797\" data-end=\"1872\">\n<p data-start=\"1799\" data-end=\"1872\">une allocation mensuelle destin\u00e9e \u00e0 couvrir les d\u00e9penses de subsistance ;<\/p>\n<\/li>\n<li data-section-id=\"17bn2zf\" data-start=\"1873\" data-end=\"1937\">\n<p data-start=\"1875\" data-end=\"1937\">la prise en charge du logement pendant la dur\u00e9e du programme ;<\/p>\n<\/li>\n<li data-section-id=\"jq22z9\" data-start=\"1938\" data-end=\"2029\">\n<p data-start=\"1940\" data-end=\"2029\">un billet d\u2019avion aller-retour entre le pays d\u2019origine de la laur\u00e9ate et les \u00c9tats-Unis ;<\/p>\n<\/li>\n<li data-section-id=\"uyc7zg\" data-start=\"2030\" data-end=\"2096\">\n<p data-start=\"2032\" data-end=\"2096\">les frais de transport entre les diff\u00e9rents lieux du programme ;<\/p>\n<\/li>\n<li data-section-id=\"gxh6u1\" data-start=\"2097\" data-end=\"2169\">\n<p data-start=\"2099\" data-end=\"2169\">une couverture d\u2019assurance sant\u00e9 pendant toute la dur\u00e9e de la bourse ;<\/p>\n<\/li>\n<li data-section-id=\"1cjl7r4\" data-start=\"2170\" data-end=\"2287\">\n<p data-start=\"2172\" data-end=\"2287\">la prise en charge des frais li\u00e9s \u00e0 l\u2019obtention du visa am\u00e9ricain pour les candidates r\u00e9sidant hors des \u00c9tats-Unis.<\/p>\n<\/li>\n<\/ul>\n<p data-start=\"2289\" data-end=\"2474\">Les participantes b\u00e9n\u00e9ficient \u00e9galement d\u2019un acc\u00e8s \u00e0 des ressources acad\u00e9miques de haut niveau, d\u2019un accompagnement professionnel et d\u2019une immersion dans des r\u00e9dactions internationales.<\/p>\n<h3 data-section-id=\"zxxay2\" data-start=\"2476\" data-end=\"2504\">Conditions d\u2019\u00e9ligibilit\u00e9<\/h3>\n<p data-start=\"2505\" data-end=\"2574\">La bourse est ouverte aux candidats r\u00e9pondant aux crit\u00e8res suivants :<\/p>\n<ul data-start=\"2575\" data-end=\"3091\">\n<li data-section-id=\"lze6kf\" data-start=\"2575\" data-end=\"2678\">\n<p data-start=\"2577\" data-end=\"2678\">\u00eatre une femme, une personne non binaire ou de genre non conforme exer\u00e7ant le m\u00e9tier de journaliste ;<\/p>\n<\/li>\n<li data-section-id=\"hphzpj\" data-start=\"2679\" data-end=\"2744\">\n<p data-start=\"2681\" data-end=\"2744\">travailler dans les m\u00e9dias \u00e9crits, audiovisuels ou num\u00e9riques ;<\/p>\n<\/li>\n<li data-section-id=\"1r3t5im\" data-start=\"2745\" data-end=\"2842\">\n<p data-start=\"2747\" data-end=\"2842\">justifier d\u2019au moins trois ans d\u2019exp\u00e9rience professionnelle \u00e0 temps plein dans le journalisme ;<\/p>\n<\/li>\n<li data-section-id=\"1iotnph\" data-start=\"2843\" data-end=\"2989\">\n<p data-start=\"2845\" data-end=\"2989\">d\u00e9montrer un engagement clair dans la couverture des questions li\u00e9es aux droits humains, \u00e0 la justice sociale ou aux communaut\u00e9s marginalis\u00e9es ;<\/p>\n<\/li>\n<li data-section-id=\"j6egr9\" data-start=\"2990\" data-end=\"3091\">\n<p data-start=\"2992\" data-end=\"3091\">ma\u00eetriser l\u2019anglais \u00e0 l\u2019\u00e9crit et \u00e0 l\u2019oral afin de participer pleinement aux activit\u00e9s du programme.<\/p>\n<\/li>\n<\/ul>\n<p data-start=\"3093\" data-end=\"3240\">Les journalistes ind\u00e9pendants peuvent \u00e9galement candidater s\u2019ils peuvent d\u00e9montrer un parcours professionnel solide et des publications r\u00e9guli\u00e8res.<\/p>\n<h3 data-section-id=\"60j8nb\" data-start=\"3242\" data-end=\"3260\">Pays \u00e9ligibles<\/h3>\n<p data-start=\"3261\" data-end=\"3474\">La bourse est ouverte aux journalistes de toutes les nationalit\u00e9s. Les candidates provenant de n\u2019importe quel pays du monde peuvent pr\u00e9senter leur candidature, sous r\u00e9serve de satisfaire aux crit\u00e8res du programme.<\/p>\n<h3 data-section-id=\"12wytja\" data-start=\"3476\" data-end=\"3503\">Calendrier du programme<\/h3>\n<ul data-start=\"3504\" data-end=\"3655\">\n<li data-section-id=\"1o3m94v\" data-start=\"3504\" data-end=\"3552\">\n<p data-start=\"3506\" data-end=\"3552\"><strong data-start=\"3506\" data-end=\"3538\">Ouverture des candidatures :<\/strong> 8 mars 2026<\/p>\n<\/li>\n<li data-section-id=\"1ptjlu3\" data-start=\"3553\" data-end=\"3603\">\n<p data-start=\"3555\" data-end=\"3603\"><strong data-start=\"3555\" data-end=\"3587\">Date limite de candidature :<\/strong> 19 avril 2026<\/p>\n<\/li>\n<li data-section-id=\"1qkkcih\" data-start=\"3604\" data-end=\"3655\">\n<p data-start=\"3606\" data-end=\"3655\"><strong data-start=\"3606\" data-end=\"3634\">Annonce de la laur\u00e9ate :<\/strong> autour d\u2019ao\u00fbt 2026<\/p>\n<\/li>\n<\/ul>\n<p data-start=\"3657\" data-end=\"3844\">Le programme se d\u00e9roulera ensuite en plusieurs phases, incluant une p\u00e9riode de recherche et de formation acad\u00e9mique ainsi qu\u2019une immersion professionnelle dans des r\u00e9dactions am\u00e9ricaines.<\/p>\n<h3 style=\"font-family: Roboto, sans-serif;\" data-section-id=\"60j8nb\" data-start=\"3242\" data-end=\"3260\">Candidature<\/h3>\n<h3 style=\"font-family: Roboto, sans-serif;\" data-section-id=\"60j8nb\" data-start=\"3242\" data-end=\"3260\"><span style=\"color: #7a7a7a;\"><span style=\"font-size: 17px;\"><span style=\"font-weight: 400;\">Pour candidater, veuillez aller sur le site officiel<\/span><i><a href=\"https:\/\/iwmf.submittable.com\/submit\/03761c09-7ba9-449c-a75b-e5bfd6112a9e\/2027-elizabeth-neuffer-fellowship\" target=\"_blank\" rel=\"noopener\"><u> en cliquant ici.<\/u><\/a><\/i><span style=\"font-weight: 400;\"> Vous y trouverez \u00e9galement plus d&rsquo;informations.<\/span><\/span><\/span><\/h3><div><p data-start=\"385\" data-end=\"755\" style=\"margin-bottom: 32px;\">Abonnez vous \u00e0 notre chaine Youtube pour des tutoriels, t\u00e9moignage et plus de d\u00e9tails sur les opportunit\u00e9s. \ud83d\udc49&nbsp;<a href=\"https:\/\/www.youtube.com\/@haminehappy\" style=\"color: rgb(43, 108, 176); transition-property: all;\" target=\"_blank\" rel=\"noopener\"><u><span style=\"font-weight: 700;\"><i>Cliquez ici<\/i><\/span><\/u><\/a><\/p><\/div><div><br><\/div>\t\t\t\t\t\t\t\t<\/div>\n\t\t\t\t<\/div>\n\t\t\t\t\t<\/div>\n\t\t\t\t<\/div>\n\t\t\t\t<\/div>\n\t\t","protected":false},"excerpt":{"rendered":"<p>L\u2019International Women\u2019s Media Foundation (IWMF) lance l\u2019appel \u00e0 candidatures pour la Bourse Elizabeth Neuffer 2027, un programme international destin\u00e9 aux femmes et journalistes non binaires engag\u00e9s dans la couverture des questions li\u00e9es aux droits humains et \u00e0 la justice sociale. Cr\u00e9\u00e9e en m\u00e9moire de la journaliste Elizabeth Neuffer, correspondante du The Boston Globe d\u00e9c\u00e9d\u00e9e en&#8230;<\/p>\n","protected":false},"author":2,"featured_media":0,"comment_status":"closed","ping_status":"open","sticky":false,"template":"","format":"standard","meta":{"_kad_post_transparent":"","_kad_post_title":"","_kad_post_layout":"","_kad_post_sidebar_id":"","_kad_post_content_style":"","_kad_post_vertical_padding":"","_kad_post_feature":"","_kad_post_feature_position":"","_kad_post_header":false,"_kad_post_footer":false,"_kad_post_classname":"","footnotes":""},"categories":[1],"tags":[],"class_list":["post-5190","post","type-post","status-publish","format-standard","hentry","category-non-classe"],"acf":[],"_links":{"self":[{"href":"https:\/\/haminehappy.fr\/index.php\/wp-json\/wp\/v2\/posts\/5190","targetHints":{"allow":["GET"]}}],"collection":[{"href":"https:\/\/haminehappy.fr\/index.php\/wp-json\/wp\/v2\/posts"}],"about":[{"href":"https:\/\/haminehappy.fr\/index.php\/wp-json\/wp\/v2\/types\/post"}],"author":[{"embeddable":true,"href":"https:\/\/haminehappy.fr\/index.php\/wp-json\/wp\/v2\/users\/2"}],"replies":[{"embeddable":true,"href":"https:\/\/haminehappy.fr\/index.php\/wp-json\/wp\/v2\/comments?post=5190"}],"version-history":[{"count":6,"href":"https:\/\/haminehappy.fr\/index.php\/wp-json\/wp\/v2\/posts\/5190\/revisions"}],"predecessor-version":[{"id":5203,"href":"https:\/\/haminehappy.fr\/index.php\/wp-json\/wp\/v2\/posts\/5190\/revisions\/5203"}],"wp:attachment":[{"href":"https:\/\/haminehappy.fr\/index.php\/wp-json\/wp\/v2\/media?parent=5190"}],"wp:term":[{"taxonomy":"category","embeddable":true,"href":"https:\/\/haminehappy.fr\/index.php\/wp-json\/wp\/v2\/categories?post=5190"},{"taxonomy":"post_tag","embeddable":true,"href":"https:\/\/haminehappy.fr\/index.php\/wp-json\/wp\/v2\/tags?post=5190"}],"curies":[{"name":"wp","href":"https:\/\/api.w.org\/{rel}","templated":true}]}}