{"id":4626,"date":"2026-02-08T17:33:17","date_gmt":"2026-02-08T16:33:17","guid":{"rendered":"https:\/\/haminehappy.fr\/?p=4626"},"modified":"2026-02-08T21:40:02","modified_gmt":"2026-02-08T20:40:02","slug":"programme-de-stage-pour-les-jeunes","status":"publish","type":"post","link":"https:\/\/haminehappy.fr\/index.php\/2026\/02\/08\/programme-de-stage-pour-les-jeunes\/","title":{"rendered":"Programme de stage \u00e0 l&rsquo;ONU (UNFPA) Abidjan"},"content":{"rendered":"\t\t<div data-elementor-type=\"wp-post\" data-elementor-id=\"4626\" class=\"elementor elementor-4626\" data-elementor-post-type=\"post\">\n\t\t\t\t<div class=\"elementor-element elementor-element-1f3631f e-flex e-con-boxed wpr-particle-no wpr-jarallax-no wpr-parallax-no wpr-sticky-section-no wpr-equal-height-no e-con e-parent\" data-id=\"1f3631f\" data-element_type=\"container\" data-e-type=\"container\">\n\t\t\t\t\t<div class=\"e-con-inner\">\n\t\t\t\t<div class=\"elementor-element elementor-element-7d12a7e elementor-widget elementor-widget-image\" data-id=\"7d12a7e\" data-element_type=\"widget\" data-e-type=\"widget\" data-widget_type=\"image.default\">\n\t\t\t\t<div class=\"elementor-widget-container\">\n\t\t\t\t\t\t\t\t\t\t\t\t\t\t\t<img fetchpriority=\"high\" decoding=\"async\" width=\"450\" height=\"450\" src=\"https:\/\/haminehappy.fr\/wp-content\/uploads\/2026\/02\/UNFPA-logo.png\" class=\"attachment-large size-large wp-image-4630\" alt=\"\" srcset=\"https:\/\/haminehappy.fr\/wp-content\/uploads\/2026\/02\/UNFPA-logo.png 450w, https:\/\/haminehappy.fr\/wp-content\/uploads\/2026\/02\/UNFPA-logo-300x300.png 300w, https:\/\/haminehappy.fr\/wp-content\/uploads\/2026\/02\/UNFPA-logo-150x150.png 150w\" sizes=\"(max-width: 450px) 100vw, 450px\" \/>\t\t\t\t\t\t\t\t\t\t\t\t\t\t\t<\/div>\n\t\t\t\t<\/div>\n\t\t\t\t\t<\/div>\n\t\t\t\t<\/div>\n\t\t<div class=\"elementor-element elementor-element-8fc4cdc e-flex e-con-boxed wpr-particle-no wpr-jarallax-no wpr-parallax-no wpr-sticky-section-no wpr-equal-height-no e-con e-parent\" data-id=\"8fc4cdc\" data-element_type=\"container\" data-e-type=\"container\">\n\t\t\t\t\t<div class=\"e-con-inner\">\n\t\t\t\t<div class=\"elementor-element elementor-element-1bf1c0f elementor-widget elementor-widget-text-editor\" data-id=\"1bf1c0f\" data-element_type=\"widget\" data-e-type=\"widget\" data-widget_type=\"text-editor.default\">\n\t\t\t\t<div class=\"elementor-widget-container\">\n\t\t\t\t\t\t\t\t\t<p data-start=\"367\" data-end=\"604\">Le <strong data-start=\"370\" data-end=\"419\"><span><span>Fonds des Nations Unies pour la population<\/span><\/span> (UNFPA)<\/strong> en C\u00f4te d\u2019Ivoire lance un appel \u00e0 candidatures pour la deuxi\u00e8me cohorte de son <strong data-start=\"499\" data-end=\"577\">Programme de stage pour les jeunes \u00ab MOAY\u00c9 : Un pas vers l\u2019international \u00bb<\/strong>, au titre de l\u2019ann\u00e9e 2026.<\/p>\n<h3 data-start=\"606\" data-end=\"635\">Contexte et justification<\/h3>\n<p data-start=\"636\" data-end=\"1076\">Dans le cadre de son <strong data-start=\"657\" data-end=\"687\">Plan strat\u00e9gique 2026\u20132029<\/strong>, l\u2019UNFPA r\u00e9affirme que les adolescents et les jeunes constituent une population prioritaire et des acteurs majeurs de la transformation sociale, \u00e9conomique et d\u00e9mographique. En C\u00f4te d\u2019Ivoire, o\u00f9 plus de 75 % de la population a moins de 35 ans, les enjeux li\u00e9s \u00e0 l\u2019employabilit\u00e9, \u00e0 l\u2019insertion socioprofessionnelle et \u00e0 la valorisation du capital humain sont particuli\u00e8rement strat\u00e9giques.<\/p>\n<p data-start=\"1078\" data-end=\"1498\">Face aux d\u00e9fis du ch\u00f4mage, du sous-emploi et de l\u2019informalit\u00e9 touchant de nombreux jeunes, l\u2019UNFPA met en \u0153uvre des dispositifs structur\u00e9s combinant apprentissage pratique, mentorat et immersion professionnelle. Le programme \u00ab MOAY\u00c9 \u00bb s\u2019inscrit dans cette dynamique et vise \u00e0 renforcer les capacit\u00e9s des jeunes tout en appuyant la mise en \u0153uvre du <strong data-start=\"1426\" data-end=\"1463\">9\u1d49 Programme de Coop\u00e9ration (CP9)<\/strong> entre l\u2019UNFPA et la C\u00f4te d\u2019Ivoire.<\/p>\n<h3 data-start=\"1500\" data-end=\"1525\">Objectif du programme<\/h3>\n<p data-start=\"1526\" data-end=\"1719\">L\u2019objectif g\u00e9n\u00e9ral est de contribuer au renforcement des capacit\u00e9s professionnelles et \u00e0 l\u2019employabilit\u00e9 des jeunes ivoiriens, tout en apportant un appui op\u00e9rationnel au bureau pays de l\u2019UNFPA.<\/p>\n<p data-start=\"1721\" data-end=\"1765\">De mani\u00e8re sp\u00e9cifique, le programme vise \u00e0 :<\/p>\n<ul data-start=\"1766\" data-end=\"2336\">\n<li data-start=\"1766\" data-end=\"1905\">\n<p data-start=\"1768\" data-end=\"1905\">offrir aux \u00e9tudiants en fin de cycle et aux jeunes dipl\u00f4m\u00e9s une premi\u00e8re exp\u00e9rience professionnelle dans un environnement international ;<\/p>\n<\/li>\n<li data-start=\"1906\" data-end=\"2006\">\n<p data-start=\"1908\" data-end=\"2006\">constituer un vivier de jeunes talents engag\u00e9s sur les th\u00e9matiques relevant du mandat de l\u2019UNFPA ;<\/p>\n<\/li>\n<li data-start=\"2007\" data-end=\"2151\">\n<p data-start=\"2009\" data-end=\"2151\">renforcer les comp\u00e9tences techniques, comportementales et \u00e9thiques des participants, conform\u00e9ment aux standards du syst\u00e8me des Nations Unies ;<\/p>\n<\/li>\n<li data-start=\"2152\" data-end=\"2259\">\n<p data-start=\"2154\" data-end=\"2259\">promouvoir les valeurs des droits humains, de l\u2019\u00e9galit\u00e9 de genre, de la redevabilit\u00e9 et de l\u2019innovation ;<\/p>\n<\/li>\n<li data-start=\"2260\" data-end=\"2336\">\n<p data-start=\"2262\" data-end=\"2336\">appuyer les unit\u00e9s techniques et op\u00e9rationnelles de l\u2019UNFPA C\u00f4te d\u2019Ivoire.<\/p>\n<\/li>\n<\/ul>\n<h3 data-start=\"2338\" data-end=\"2365\">Domaines d\u2019intervention<\/h3>\n<p data-start=\"2366\" data-end=\"2431\">Les stages seront propos\u00e9s notamment dans les domaines suivants :<\/p>\n<ul data-start=\"2432\" data-end=\"2827\">\n<li data-start=\"2432\" data-end=\"2554\">\n<p data-start=\"2434\" data-end=\"2554\">sant\u00e9 de la reproduction (planification familiale, sant\u00e9 maternelle, sant\u00e9 reproductive des adolescents et des jeunes) ;<\/p>\n<\/li>\n<li data-start=\"2555\" data-end=\"2630\">\n<p data-start=\"2557\" data-end=\"2630\">genre, droits humains et lutte contre les violences bas\u00e9es sur le genre ;<\/p>\n<\/li>\n<li data-start=\"2631\" data-end=\"2695\">\n<p data-start=\"2633\" data-end=\"2695\">population, d\u00e9veloppement, planification et suivi-\u00e9valuation ;<\/p>\n<\/li>\n<li data-start=\"2696\" data-end=\"2727\">\n<p data-start=\"2698\" data-end=\"2727\">communication et innovation ;<\/p>\n<\/li>\n<li data-start=\"2728\" data-end=\"2827\">\n<p data-start=\"2730\" data-end=\"2827\">finances, logistique, technologies de l\u2019information, ressources humaines et appui aux op\u00e9rations.<\/p>\n<\/li>\n<\/ul>\n<h3 data-start=\"2829\" data-end=\"2855\">Dur\u00e9e et lieu du stage<\/h3>\n<p data-start=\"2856\" data-end=\"3123\">Le programme est pr\u00e9vu pour une dur\u00e9e de <strong data-start=\"2897\" data-end=\"2929\">trois (3) mois renouvelables<\/strong>, avec des cohortes successives.<br data-start=\"2961\" data-end=\"2964\">Les stages se d\u00e9rouleront au <strong data-start=\"2993\" data-end=\"3023\">si\u00e8ge de l\u2019UNFPA \u00e0 Abidjan<\/strong> ou au <strong data-start=\"3030\" data-end=\"3063\">bureau d\u00e9centralis\u00e9 de Bouak\u00e9<\/strong>.<br data-start=\"3064\" data-end=\"3067\">Le d\u00e9marrage du programme est fix\u00e9 au <strong data-start=\"3105\" data-end=\"3122\">1er mars 2026<\/strong>.<\/p>\n<h3 data-start=\"3125\" data-end=\"3153\">Conditions d\u2019\u00e9ligibilit\u00e9<\/h3>\n<p data-start=\"3154\" data-end=\"3177\">Les candidats doivent :<\/p>\n<ul data-start=\"3178\" data-end=\"3544\">\n<li data-start=\"3178\" data-end=\"3212\">\n<p data-start=\"3180\" data-end=\"3212\">\u00eatre de nationalit\u00e9 ivoirienne ;<\/p>\n<\/li>\n<li data-start=\"3213\" data-end=\"3265\">\n<p data-start=\"3215\" data-end=\"3265\">\u00eatre \u00e2g\u00e9s de <strong data-start=\"3228\" data-end=\"3243\">18 \u00e0 30 ans<\/strong> au 31 d\u00e9cembre 2025 ;<\/p>\n<\/li>\n<li data-start=\"3266\" data-end=\"3362\">\n<p data-start=\"3268\" data-end=\"3362\">\u00eatre titulaires au minimum d\u2019un <strong data-start=\"3300\" data-end=\"3310\">Bac +2<\/strong> dans un domaine en lien avec le mandat de l\u2019UNFPA ;<\/p>\n<\/li>\n<li data-start=\"3363\" data-end=\"3460\">\n<p data-start=\"3365\" data-end=\"3460\">ma\u00eetriser le fran\u00e7ais \u00e0 l\u2019oral et \u00e0 l\u2019\u00e9crit ; la connaissance de l\u2019anglais constitue un atout ;<\/p>\n<\/li>\n<li data-start=\"3461\" data-end=\"3544\">\n<p data-start=\"3463\" data-end=\"3544\">disposer de comp\u00e9tences de base en outils bureautiques (Word, Excel, PowerPoint).<\/p>\n<\/li>\n<\/ul>\n<p data-start=\"3546\" data-end=\"3707\">Les candidatures f\u00e9minines ainsi que celles des personnes en situation de handicap sont vivement encourag\u00e9es. Un candidat ne peut b\u00e9n\u00e9ficier que d\u2019un seul stage.<\/p>\n<h3 data-start=\"3709\" data-end=\"3732\">Conditions du stage<\/h3>\n<ul data-start=\"3733\" data-end=\"4057\">\n<li data-start=\"3733\" data-end=\"3810\">\n<p data-start=\"3735\" data-end=\"3810\">Attribution d\u2019une indemnit\u00e9 mensuelle, conform\u00e9ment aux r\u00e8gles de l\u2019UNFPA ;<\/p>\n<\/li>\n<li data-start=\"3811\" data-end=\"3870\">\n<p data-start=\"3813\" data-end=\"3870\">Possibilit\u00e9 de participation \u00e0 des missions officielles ;<\/p>\n<\/li>\n<li data-start=\"3871\" data-end=\"3974\">\n<p data-start=\"3873\" data-end=\"3974\">Encadrement \u00e0 travers un plan de travail individualis\u00e9, un dispositif de mentorat et de supervision ;<\/p>\n<\/li>\n<li data-start=\"3975\" data-end=\"4057\">\n<p data-start=\"3977\" data-end=\"4057\">Production de rapports p\u00e9riodiques selon les exigences de l\u2019unit\u00e9 d\u2019affectation.<\/p>\n<\/li>\n<\/ul>\n<h3 data-start=\"4059\" data-end=\"4085\">Dossier de candidature<\/h3>\n<p data-start=\"4086\" data-end=\"4114\">Le dossier doit comprendre :<\/p>\n<ul data-start=\"4115\" data-end=\"4344\">\n<li data-start=\"4115\" data-end=\"4210\">\n<p data-start=\"4117\" data-end=\"4210\">une lettre de motivation sign\u00e9e, adress\u00e9e au Repr\u00e9sentant r\u00e9sident de l\u2019UNFPA C\u00f4te d\u2019Ivoire ;<\/p>\n<\/li>\n<li data-start=\"4211\" data-end=\"4240\">\n<p data-start=\"4213\" data-end=\"4240\">un curriculum vitae sign\u00e9 ;<\/p>\n<\/li>\n<li data-start=\"4241\" data-end=\"4306\">\n<p data-start=\"4243\" data-end=\"4306\">le formulaire P.11 des Nations Unies d\u00fbment compl\u00e9t\u00e9 et sign\u00e9 (<a href=\"https:\/\/cotedivoire.unfpa.org\/sites\/default\/files\/vacancies\/P11_Personal_History_form_12.docx\" target=\"_blank\" rel=\"noopener\"><b><u><i>\u00e0 t\u00e9l\u00e9charger ici<\/i><\/u><\/b><\/a>) ;<\/p>\n<\/li>\n<li data-start=\"4307\" data-end=\"4344\">\n<p data-start=\"4309\" data-end=\"4344\">des copies l\u00e9galis\u00e9es des dipl\u00f4mes.<\/p>\n<\/li>\n<\/ul>\n<p data-start=\"4346\" data-end=\"4423\">Les candidatures doivent \u00eatre transmises <strong data-start=\"4387\" data-end=\"4422\">au plus tard le 15 f\u00e9vrier 2026<\/strong>.<\/p>\n<h3 data-start=\"4425\" data-end=\"4446\">Postes \u00e0 pourvoir<\/h3>\n<p data-start=\"4447\" data-end=\"4771\">9 postes de stagiaires sont ouverts pour cette cohorte, r\u00e9partis entre les unit\u00e9s suivantes : sant\u00e9 maternelle et planification familiale, adolescents et jeunes, population et d\u00e9veloppement, genre et droits humains, logistique et procurement, TIC, finances, ressources humaines, ainsi que programme et repr\u00e9sentation.<\/p>\n<p><\/p>\n<p data-start=\"4773\" data-end=\"4826\">Seuls les candidats pr\u00e9s\u00e9lectionn\u00e9s seront contact\u00e9s.<\/p>\n<p data-start=\"4773\" data-end=\"4826\"><img decoding=\"async\" draggable=\"false\" role=\"img\" class=\"emoji\" alt=\"\ud83d\udc49\" src=\"https:\/\/s.w.org\/images\/core\/emoji\/17.0.2\/svg\/1f449.svg\">Candidature : <a href=\"https:\/\/cotedivoire.unfpa.org\/fr\/vacancies\/programme-de-stage-pour-les-jeunes-%C2%AB-moay%C3%A9-un-pas-vers-linternational%C2%BB?fbclid=IwdGRleAP1idFleHRuA2FlbQIxMQBzcnRjBmFwcF9pZAo2NjI4NTY4Mzc5AAEe-y-W2Rur9HhDmoFO21PyIc6wa0lIXtQteyELbaW8IZrxWRFWjTLAkDDNePc_aem_aoobtk9MhAa4MUBGrkGF9A\" target=\"_blank\" rel=\"noopener\"><b><u><i>Lien officiel<\/i><\/u><\/b><\/a><\/p>\t\t\t\t\t\t\t\t<\/div>\n\t\t\t\t<\/div>\n\t\t\t\t\t<\/div>\n\t\t\t\t<\/div>\n\t\t\t\t<\/div>\n\t\t","protected":false},"excerpt":{"rendered":"<p>Le Fonds des Nations Unies pour la population (UNFPA) en C\u00f4te d\u2019Ivoire lance un appel \u00e0 candidatures pour la deuxi\u00e8me cohorte de son Programme de stage pour les jeunes \u00ab MOAY\u00c9 : Un pas vers l\u2019international \u00bb, au titre de l\u2019ann\u00e9e 2026. Contexte et justification Dans le cadre de son Plan strat\u00e9gique 2026\u20132029, l\u2019UNFPA r\u00e9affirme&#8230;<\/p>\n","protected":false},"author":2,"featured_media":0,"comment_status":"closed","ping_status":"open","sticky":false,"template":"","format":"standard","meta":{"_kad_post_transparent":"","_kad_post_title":"","_kad_post_layout":"","_kad_post_sidebar_id":"","_kad_post_content_style":"","_kad_post_vertical_padding":"","_kad_post_feature":"","_kad_post_feature_position":"","_kad_post_header":false,"_kad_post_footer":false,"_kad_post_classname":"","footnotes":""},"categories":[1],"tags":[],"class_list":["post-4626","post","type-post","status-publish","format-standard","hentry","category-non-classe"],"acf":[],"_links":{"self":[{"href":"https:\/\/haminehappy.fr\/index.php\/wp-json\/wp\/v2\/posts\/4626","targetHints":{"allow":["GET"]}}],"collection":[{"href":"https:\/\/haminehappy.fr\/index.php\/wp-json\/wp\/v2\/posts"}],"about":[{"href":"https:\/\/haminehappy.fr\/index.php\/wp-json\/wp\/v2\/types\/post"}],"author":[{"embeddable":true,"href":"https:\/\/haminehappy.fr\/index.php\/wp-json\/wp\/v2\/users\/2"}],"replies":[{"embeddable":true,"href":"https:\/\/haminehappy.fr\/index.php\/wp-json\/wp\/v2\/comments?post=4626"}],"version-history":[{"count":0,"href":"https:\/\/haminehappy.fr\/index.php\/wp-json\/wp\/v2\/posts\/4626\/revisions"}],"wp:attachment":[{"href":"https:\/\/haminehappy.fr\/index.php\/wp-json\/wp\/v2\/media?parent=4626"}],"wp:term":[{"taxonomy":"category","embeddable":true,"href":"https:\/\/haminehappy.fr\/index.php\/wp-json\/wp\/v2\/categories?post=4626"},{"taxonomy":"post_tag","embeddable":true,"href":"https:\/\/haminehappy.fr\/index.php\/wp-json\/wp\/v2\/tags?post=4626"}],"curies":[{"name":"wp","href":"https:\/\/api.w.org\/{rel}","templated":true}]}}