{"id":4619,"date":"2026-02-08T17:22:00","date_gmt":"2026-02-08T16:22:00","guid":{"rendered":"https:\/\/haminehappy.fr\/?p=4619"},"modified":"2026-02-08T17:25:39","modified_gmt":"2026-02-08T16:25:39","slug":"cours-en-ligne-education-aux-medias-et-a-linformation","status":"publish","type":"post","link":"https:\/\/haminehappy.fr\/index.php\/2026\/02\/08\/cours-en-ligne-education-aux-medias-et-a-linformation\/","title":{"rendered":"Cours\/certificat gratuit en ligne \u00ab \u00c9ducation aux m\u00e9dias et \u00e0 l\u2019information \u00bb"},"content":{"rendered":"\t\t<div data-elementor-type=\"wp-post\" data-elementor-id=\"4619\" class=\"elementor elementor-4619\" data-elementor-post-type=\"post\">\n\t\t\t\t<div class=\"elementor-element elementor-element-88213a3 e-flex e-con-boxed wpr-particle-no wpr-jarallax-no wpr-parallax-no wpr-sticky-section-no wpr-equal-height-no e-con e-parent\" data-id=\"88213a3\" data-element_type=\"container\" data-e-type=\"container\">\n\t\t\t\t\t<div class=\"e-con-inner\">\n\t\t\t\t<div class=\"elementor-element elementor-element-cf22bf7 elementor-widget elementor-widget-image\" data-id=\"cf22bf7\" data-element_type=\"widget\" data-e-type=\"widget\" data-widget_type=\"image.default\">\n\t\t\t\t<div class=\"elementor-widget-container\">\n\t\t\t\t\t\t\t\t\t\t\t\t\t\t\t<img fetchpriority=\"high\" decoding=\"async\" width=\"1024\" height=\"171\" src=\"https:\/\/haminehappy.fr\/wp-content\/uploads\/2026\/02\/BAN-MIL1-1024x171.png\" class=\"attachment-large size-large wp-image-4621\" alt=\"\" srcset=\"https:\/\/haminehappy.fr\/wp-content\/uploads\/2026\/02\/BAN-MIL1-1024x171.png 1024w, https:\/\/haminehappy.fr\/wp-content\/uploads\/2026\/02\/BAN-MIL1-300x50.png 300w, https:\/\/haminehappy.fr\/wp-content\/uploads\/2026\/02\/BAN-MIL1-768x128.png 768w, https:\/\/haminehappy.fr\/wp-content\/uploads\/2026\/02\/BAN-MIL1.png 1500w\" sizes=\"(max-width: 1024px) 100vw, 1024px\" \/>\t\t\t\t\t\t\t\t\t\t\t\t\t\t\t<\/div>\n\t\t\t\t<\/div>\n\t\t\t\t\t<\/div>\n\t\t\t\t<\/div>\n\t\t<div class=\"elementor-element elementor-element-3e5aa48 e-flex e-con-boxed wpr-particle-no wpr-jarallax-no wpr-parallax-no wpr-sticky-section-no wpr-equal-height-no e-con e-parent\" data-id=\"3e5aa48\" data-element_type=\"container\" data-e-type=\"container\">\n\t\t\t\t\t<div class=\"e-con-inner\">\n\t\t\t\t<div class=\"elementor-element elementor-element-d580935 elementor-widget elementor-widget-text-editor\" data-id=\"d580935\" data-element_type=\"widget\" data-e-type=\"widget\" data-widget_type=\"text-editor.default\">\n\t\t\t\t<div class=\"elementor-widget-container\">\n\t\t\t\t\t\t\t\t\t<p data-start=\"374\" data-end=\"631\">Le <strong data-start=\"377\" data-end=\"418\">Centre Nord-Sud du Conseil de l\u2019Europe<\/strong> lance un appel \u00e0 candidatures pour la prochaine \u00e9dition du cours en ligne <strong data-start=\"493\" data-end=\"540\">\u00ab \u00c9ducation aux m\u00e9dias et \u00e0 l\u2019information \u00bb<\/strong>, organis\u00e9 dans le cadre du Programme d\u2019\u00e9ducation aux droits humains pour les jeunes (HEY).<\/p><h3 data-start=\"633\" data-end=\"645\">Contexte<\/h3><p data-start=\"646\" data-end=\"1065\">Les \u00e9volutions rapides des technologies de l\u2019information et de la communication, notamment les r\u00e9seaux sociaux et l\u2019intelligence artificielle, ont profond\u00e9ment transform\u00e9 la production, la diffusion et l\u2019interpr\u00e9tation de l\u2019information. Si les m\u00e9dias jouent un r\u00f4le central dans la participation d\u00e9mocratique, ils peuvent \u00e9galement faciliter la d\u00e9sinformation, les discours de haine et les atteintes aux droits humains.<\/p><p data-start=\"1067\" data-end=\"1303\">Dans ce contexte, l\u2019\u00e9ducation aux m\u00e9dias et \u00e0 l\u2019information constitue un pilier essentiel de l\u2019\u00e9ducation aux droits humains, en favorisant l\u2019esprit critique, la prise de d\u00e9cision \u00e9clair\u00e9e et des relations interculturelles respectueuses.<\/p><h3 data-start=\"1305\" data-end=\"1327\">Objectifs du cours<\/h3><p data-start=\"1328\" data-end=\"1355\">Le cours vise notamment \u00e0 :<\/p><ul data-start=\"1356\" data-end=\"1916\"><li data-start=\"1356\" data-end=\"1485\"><p data-start=\"1358\" data-end=\"1485\">pr\u00e9senter les concepts cl\u00e9s et les d\u00e9finitions li\u00e9s \u00e0 l\u2019\u00e9ducation aux m\u00e9dias et \u00e0 l\u2019information dans une perspective mondiale ;<\/p><\/li><li data-start=\"1486\" data-end=\"1674\"><p data-start=\"1488\" data-end=\"1674\">d\u00e9velopper une compr\u00e9hension critique des liens entre le num\u00e9rique et les droits humains, y compris la libert\u00e9 d\u2019expression, \u00e0 travers les cadres juridiques r\u00e9gionaux et internationaux ;<\/p><\/li><li data-start=\"1675\" data-end=\"1786\"><p data-start=\"1677\" data-end=\"1786\">analyser l\u2019impact des nouvelles technologies sur le droit \u00e0 la vie priv\u00e9e et la non-discrimination en ligne ;<\/p><\/li><li data-start=\"1787\" data-end=\"1916\"><p data-start=\"1789\" data-end=\"1916\">renforcer la r\u00e9silience, l\u2019engagement et la participation des jeunes face \u00e0 la d\u00e9sinformation et aux nouveaux d\u00e9fis num\u00e9riques.<\/p><\/li><\/ul><h3 data-start=\"1918\" data-end=\"1960\">Public cible et crit\u00e8res d\u2019\u00e9ligibilit\u00e9<\/h3><p data-start=\"1961\" data-end=\"2027\">Le cours s\u2019adresse aux jeunes r\u00e9pondant aux conditions suivantes :<\/p><ul data-start=\"2028\" data-end=\"2302\"><li data-start=\"2028\" data-end=\"2075\"><p data-start=\"2030\" data-end=\"2075\">\u00eatre \u00e2g\u00e9 de dix-huit (18) \u00e0 trente (30) ans ;<\/p><\/li><li data-start=\"2076\" data-end=\"2162\"><p data-start=\"2078\" data-end=\"2162\">\u00eatre en mesure de suivre la formation dans la langue choisie (anglais ou fran\u00e7ais) ;<\/p><\/li><li data-start=\"2163\" data-end=\"2302\"><p data-start=\"2165\" data-end=\"2302\">\u00eatre actif dans la soci\u00e9t\u00e9 civile ou au sein d\u2019organisations de jeunesse, avec un potentiel de diffusion et de multiplication des acquis.<\/p><\/li><\/ul><p data-start=\"2304\" data-end=\"2670\">Un total de cent (100) participants sera s\u00e9lectionn\u00e9, dont cinquante <b>(50) pour la version francophone et cinquante<\/b> (50) pour la version anglophone. La s\u00e9lection est fond\u00e9e sur la qualit\u00e9 des candidatures, tout en veillant \u00e0 un \u00e9quilibre entre les genres et les r\u00e9gions g\u00e9ographiques. Le Conseil de l\u2019Europe encourage la diversit\u00e9, l\u2019\u00e9galit\u00e9 et la non-discrimination.<\/p><h3 data-start=\"2672\" data-end=\"2704\">M\u00e9thodologie et organisation<\/h3><p data-start=\"2705\" data-end=\"2810\">Le cours se d\u00e9roule enti\u00e8rement en ligne sur la plateforme d\u2019e-learning du programme HEY. Il repose sur :<\/p><ul data-start=\"2811\" data-end=\"3015\"><li data-start=\"2811\" data-end=\"2855\"><p data-start=\"2813\" data-end=\"2855\">le programme HELP du Conseil de l\u2019Europe ;<\/p><\/li><li data-start=\"2856\" data-end=\"2937\"><p data-start=\"2858\" data-end=\"2937\">les guides pratiques d\u2019\u00e9ducation \u00e0 la citoyennet\u00e9 mondiale du Centre Nord-Sud ;<\/p><\/li><li data-start=\"2938\" data-end=\"3015\"><p data-start=\"2940\" data-end=\"3015\">le Cadre de r\u00e9f\u00e9rence des comp\u00e9tences pour la culture d\u00e9mocratique (RFCDC).<\/p><\/li><\/ul><p data-start=\"3017\" data-end=\"3314\">L\u2019approche p\u00e9dagogique est non formelle et participative, combinant activit\u00e9s interactives, exercices collaboratifs et \u00e9changes encadr\u00e9s par trois tuteurs. Ces derniers assurent l\u2019accompagnement p\u00e9dagogique, la mod\u00e9ration des discussions et les retours individualis\u00e9s tout au long de la formation.<\/p><h3 data-start=\"3316\" data-end=\"3338\">Structure du cours<\/h3><ul data-start=\"3339\" data-end=\"3700\"><li data-start=\"3339\" data-end=\"3370\"><p data-start=\"3341\" data-end=\"3370\">Dur\u00e9e : quatre (4) semaines<\/p><\/li><li data-start=\"3371\" data-end=\"3429\"><p data-start=\"3373\" data-end=\"3429\">Modules : quatre (4), \u00e0 raison d\u2019un module par semaine<\/p><\/li><li data-start=\"3430\" data-end=\"3487\"><p data-start=\"3432\" data-end=\"3487\">Charge de travail totale : environ trente (30) heures<\/p><\/li><li data-start=\"3488\" data-end=\"3521\"><p data-start=\"3490\" data-end=\"3521\">Langues : fran\u00e7ais et anglais<\/p><\/li><li data-start=\"3522\" data-end=\"3643\"><p data-start=\"3524\" data-end=\"3643\">Format : principalement asynchrone, avec des activit\u00e9s de groupe et un nombre limit\u00e9 de sessions de tutorat en direct<\/p><\/li><li data-start=\"3644\" data-end=\"3700\"><p data-start=\"3646\" data-end=\"3700\">Certificat de participation d\u00e9livr\u00e9 \u00e0 l\u2019issue du cours<\/p><\/li><\/ul><h3 data-start=\"3702\" data-end=\"3723\">Dates importantes<\/h3><ul data-start=\"3724\" data-end=\"3859\"><li data-start=\"3724\" data-end=\"3772\"><p data-start=\"3726\" data-end=\"3772\">Prochaine \u00e9dition : du <strong data-start=\"3749\" data-end=\"3770\">2 au 29 mars 2026<\/strong><\/p><\/li><li data-start=\"3773\" data-end=\"3859\"><p data-start=\"3775\" data-end=\"3859\">Date limite de candidature : <strong data-start=\"3804\" data-end=\"3859\">22 f\u00e9vrier 2026 \u00e0 23 h 59 (UTC \u2013 heure de Lisbonne)<\/strong><\/p><\/li><\/ul><h3 data-start=\"3861\" data-end=\"3886\">Suivi et perspectives<\/h3><p>\u00a0<\/p><p data-start=\"3887\" data-end=\"4262\">Les participants ayant valid\u00e9 ce cours et\/ou d\u2019autres formations HEY pourront postuler aux formations de tuteurs (Training of Trainers \u2013 ToT) afin de devenir tuteurs certifi\u00e9s du programme HEY. En 2026, deux formations ToT sont pr\u00e9vues dans le cadre des universit\u00e9s d\u2019\u00e9t\u00e9 du Centre Nord-Sud. D\u2019autres opportunit\u00e9s de mise en r\u00e9seau et d\u2019engagement seront \u00e9galement propos\u00e9es.<\/p><p data-start=\"3887\" data-end=\"4262\"><b>Pour candidater,<\/b> veuillez ici : <a href=\"https:\/\/www.coe.int\/fr\/web\/north-south-centre\/media-and-information-literacy?fbclid=IwdGRleAP1gSVleHRuA2FlbQIxMQBzcnRjBmFwcF9pZAo2NjI4NTY4Mzc5AAEeUnGiPRT9nVEK32AISms0CoxQOkq6DAQWdpakRUCKU-KzcIWy0NaB_ReXHI0_aem_Ao95AO_rUhJY2M4c2aqZWA\" target=\"_blank\" rel=\"noopener\"><b><u><i>lien officiel<\/i><\/u><\/b><\/a><\/p>\t\t\t\t\t\t\t\t<\/div>\n\t\t\t\t<\/div>\n\t\t\t\t\t<\/div>\n\t\t\t\t<\/div>\n\t\t\t\t<\/div>\n\t\t","protected":false},"excerpt":{"rendered":"<p>Le Centre Nord-Sud du Conseil de l\u2019Europe lance un appel \u00e0 candidatures pour la prochaine \u00e9dition du cours en ligne \u00ab \u00c9ducation aux m\u00e9dias et \u00e0 l\u2019information \u00bb, organis\u00e9 dans le cadre du Programme d\u2019\u00e9ducation aux droits humains pour les jeunes (HEY). Contexte Les \u00e9volutions rapides des technologies de l\u2019information et de la communication, notamment&#8230;<\/p>\n","protected":false},"author":2,"featured_media":0,"comment_status":"closed","ping_status":"open","sticky":false,"template":"","format":"standard","meta":{"_kad_post_transparent":"","_kad_post_title":"","_kad_post_layout":"","_kad_post_sidebar_id":"","_kad_post_content_style":"","_kad_post_vertical_padding":"","_kad_post_feature":"","_kad_post_feature_position":"","_kad_post_header":false,"_kad_post_footer":false,"_kad_post_classname":"","footnotes":""},"categories":[1],"tags":[],"class_list":["post-4619","post","type-post","status-publish","format-standard","hentry","category-non-classe"],"acf":[],"_links":{"self":[{"href":"https:\/\/haminehappy.fr\/index.php\/wp-json\/wp\/v2\/posts\/4619","targetHints":{"allow":["GET"]}}],"collection":[{"href":"https:\/\/haminehappy.fr\/index.php\/wp-json\/wp\/v2\/posts"}],"about":[{"href":"https:\/\/haminehappy.fr\/index.php\/wp-json\/wp\/v2\/types\/post"}],"author":[{"embeddable":true,"href":"https:\/\/haminehappy.fr\/index.php\/wp-json\/wp\/v2\/users\/2"}],"replies":[{"embeddable":true,"href":"https:\/\/haminehappy.fr\/index.php\/wp-json\/wp\/v2\/comments?post=4619"}],"version-history":[{"count":0,"href":"https:\/\/haminehappy.fr\/index.php\/wp-json\/wp\/v2\/posts\/4619\/revisions"}],"wp:attachment":[{"href":"https:\/\/haminehappy.fr\/index.php\/wp-json\/wp\/v2\/media?parent=4619"}],"wp:term":[{"taxonomy":"category","embeddable":true,"href":"https:\/\/haminehappy.fr\/index.php\/wp-json\/wp\/v2\/categories?post=4619"},{"taxonomy":"post_tag","embeddable":true,"href":"https:\/\/haminehappy.fr\/index.php\/wp-json\/wp\/v2\/tags?post=4619"}],"curies":[{"name":"wp","href":"https:\/\/api.w.org\/{rel}","templated":true}]}}